{"id":4190,"date":"2023-09-23T06:32:02","date_gmt":"2023-09-23T04:32:02","guid":{"rendered":"https:\/\/opentobe.de\/?p=4190"},"modified":"2023-09-23T16:04:47","modified_gmt":"2023-09-23T14:04:47","slug":"21-24-9-23-abwettern-und-office-in-rogiznica","status":"publish","type":"post","link":"https:\/\/opentobe.de\/?p=4190","title":{"rendered":"21.-25.9.23 &#8211; Abwettern und Office in Rogoznica"},"content":{"rendered":"\n<p>#boatoffice #herbstt\u00f6rn <br>Die Troglage mit starken bis st\u00fcrmischen Winden aus S\u00fcdost \/ Jugo wettern wir in der Marina Frapa \/ Rogoznica ab. Am Auf See sind zeitweise 7-8 Bft.<br>Am 21.9. &#8222;m\u00fcssen&#8220; wir den Liegeplatz wechseln, da an der G\u00e4ste-Mole die Charter-R\u00fcckkehrer am Freitag erwartet werden. Die Marina weist uns einen Platz im Eignerbereich zu.  Das ist gut so, denn hier liegen wir besser.<br>Der Wind wird ab dem 24.9. nun auf NE und Bora drehen, da ein Hoch \u00fcber Mitteleuropa nach Osteuropa zieht, der Trog und das Tief drehen nach S\u00fcdosten ab. Die zum Montag schw\u00e4chere Boralage k\u00f6nnen wir nutzen, um am 25.9. auszulaufen und weiter nach SE zu segeln.  Wir gehen dann wieder vor Anker, bevor wir die sch\u00f6ne Altstadt von Trogir anlaufen. <\/p>\n\n\n\n<figure class=\"wp-block-image size-large is-resized\"><a href=\"https:\/\/opentobe.de\/wp-content\/uploads\/2023\/09\/IMG_0931-scaled.jpeg\"><img loading=\"lazy\" decoding=\"async\" src=\"https:\/\/opentobe.de\/wp-content\/uploads\/2023\/09\/IMG_0931-768x1024.jpeg\" alt=\"\" class=\"wp-image-4189\" style=\"width:393px;height:524px\" width=\"393\" height=\"524\" srcset=\"https:\/\/opentobe.de\/wp-content\/uploads\/2023\/09\/IMG_0931-768x1024.jpeg 768w, https:\/\/opentobe.de\/wp-content\/uploads\/2023\/09\/IMG_0931-225x300.jpeg 225w, https:\/\/opentobe.de\/wp-content\/uploads\/2023\/09\/IMG_0931-1152x1536.jpeg 1152w, https:\/\/opentobe.de\/wp-content\/uploads\/2023\/09\/IMG_0931-1536x2048.jpeg 1536w, https:\/\/opentobe.de\/wp-content\/uploads\/2023\/09\/IMG_0931-scaled.jpeg 1920w\" sizes=\"auto, (max-width: 393px) 100vw, 393px\" \/><\/a><\/figure>\n","protected":false},"excerpt":{"rendered":"<p>#boatoffice #herbstt\u00f6rn Die Troglage mit starken bis st\u00fcrmischen Winden aus S\u00fcdost \/ Jugo wettern wir in der Marina Frapa \/ Rogoznica ab. Am Auf See sind zeitweise 7-8 Bft.Am 21.9. &#8222;m\u00fcssen&#8220; wir den Liegeplatz wechseln, da an der G\u00e4ste-Mole die Charter-R\u00fcckkehrer am Freitag erwartet werden. Die Marina weist uns einen Platz im Eignerbereich zu. Das [&hellip;]<\/p>\n","protected":false},"author":1,"featured_media":4188,"comment_status":"closed","ping_status":"closed","sticky":false,"template":"","format":"standard","meta":{"footnotes":""},"categories":[1],"tags":[],"class_list":["post-4190","post","type-post","status-publish","format-standard","has-post-thumbnail","hentry","category-allgemein"],"_links":{"self":[{"href":"https:\/\/opentobe.de\/index.php?rest_route=\/wp\/v2\/posts\/4190","targetHints":{"allow":["GET"]}}],"collection":[{"href":"https:\/\/opentobe.de\/index.php?rest_route=\/wp\/v2\/posts"}],"about":[{"href":"https:\/\/opentobe.de\/index.php?rest_route=\/wp\/v2\/types\/post"}],"author":[{"embeddable":true,"href":"https:\/\/opentobe.de\/index.php?rest_route=\/wp\/v2\/users\/1"}],"replies":[{"embeddable":true,"href":"https:\/\/opentobe.de\/index.php?rest_route=%2Fwp%2Fv2%2Fcomments&post=4190"}],"version-history":[{"count":7,"href":"https:\/\/opentobe.de\/index.php?rest_route=\/wp\/v2\/posts\/4190\/revisions"}],"predecessor-version":[{"id":4201,"href":"https:\/\/opentobe.de\/index.php?rest_route=\/wp\/v2\/posts\/4190\/revisions\/4201"}],"wp:featuredmedia":[{"embeddable":true,"href":"https:\/\/opentobe.de\/index.php?rest_route=\/wp\/v2\/media\/4188"}],"wp:attachment":[{"href":"https:\/\/opentobe.de\/index.php?rest_route=%2Fwp%2Fv2%2Fmedia&parent=4190"}],"wp:term":[{"taxonomy":"category","embeddable":true,"href":"https:\/\/opentobe.de\/index.php?rest_route=%2Fwp%2Fv2%2Fcategories&post=4190"},{"taxonomy":"post_tag","embeddable":true,"href":"https:\/\/opentobe.de\/index.php?rest_route=%2Fwp%2Fv2%2Ftags&post=4190"}],"curies":[{"name":"wp","href":"https:\/\/api.w.org\/{rel}","templated":true}]}}